{"id":63,"date":"2024-06-21T14:33:50","date_gmt":"2024-06-21T12:33:50","guid":{"rendered":"https:\/\/marcetic.hr\/?p=63"},"modified":"2025-12-30T18:12:20","modified_gmt":"2025-12-30T17:12:20","slug":"kako-se-rijesiti-zasticenih-najmoprimaca","status":"publish","type":"post","link":"https:\/\/marcetic.hr\/index.php\/2024\/06\/21\/kako-se-rijesiti-zasticenih-najmoprimaca\/","title":{"rendered":"Kako se &#8220;rije\u0161iti&#8221; za\u0161ti\u0107enih najmoprimaca?"},"content":{"rendered":"\n<h2 class=\"wp-block-heading has-base-color has-contrast-background-color has-text-color has-background has-link-color wp-elements-36abe74062fe9dd372a6146d2040deb9\">Kako se &#8220;rije\u0161iti&#8221; za\u0161ti\u0107enih najmoprimaca?<\/h2>\n\n\n\n<p>Pitanje za\u0161ti\u0107enih najmoprimaca godinama se nije rje\u0161avalo te su vlasnici nekretnina uvijek ostali o\u0161te\u0107eni. Naknade za najamninu su bile mizerne te su vi\u0161estruko odstupale od tr\u017ei\u0161ne cijene.<\/p>\n\n\n\n<p>Kona\u010dno, nakon presude europskog suda Statileo protiv Hrvatske, stupio je na snagu Zakon o na\u010dinu izvr\u0161enja presuda Europskog suda za ljudska prava u skupini predmeta Statileo protiv Hrvatske (broj zahtjeva: 12027\/10 i dr.) i Odluke Ustavnog suda Republike Hrvatske broj: U-I-3242\/2018 i dr. te donesen Pravilnik o Registru stanova u privatnom vlasni\u0161tvu u kojima \u017eive za\u0161ti\u0107eni najmoprimci, a Ministarstvo je objavilo Javni poziv za prijavu u Registar stanova u privatnom vlasni\u0161tvu u kojima \u017eive za\u0161ti\u0107eni najmoprimci.<br><br>Tako je na neki na\u010din upravo Europa natjerala Hrvatsku da rije\u0161i pitanje za\u0161ti\u0107enih najmoprimaca.<\/p>\n\n\n\n<p>Program je proveden u <strong><span style=\"text-decoration: underline;\">3 faze<\/span><\/strong>:<br>U <strong>prvoj<\/strong> fazi, koja je ve\u0107 zapo\u010dela ustrojava se Registar stanova te se upisuju za\u0161ti\u0107eni najmoprimci i podstanari kao i vlasnici nekretnina.<br>U <strong>drugoj<\/strong> fazi donosi se program mjera za izvr\u0161enje.<br>U <strong>tre\u0107oj<\/strong> fazi koja zapo\u010dinje 01.01.2025. po\u010dinje provedba mjera koja uklju\u010duje pla\u0107anje najamnine po tr\u017ei\u0161noj cijeni za prva 3 mjeseca, a potom i finalni dogovor izme\u0111u najmoprimca i vlasnika.<\/p>\n\n\n\n<p><strong>Kao prvi korak potreban za rje\u0161avanje ove &#8220;pravne trakavice&#8221; potrebno je napraviti Prijavu u registar za\u0161ti\u0107enih najmoprimaca.<\/strong><br><br>Prijavu popunjavaju i vlasnik stana i najmoprimac, a mo\u017ee se dostaviti putem emaila na adresu: <a href=\"mailto:provedba.Statileo@mpgi.hr\">provedba.Statileo@mpgi.hr<\/a><br><br>Prijavu mo\u017eete preuzeti na: <a href=\"https:\/\/mpgi.gov.hr\/UserDocsImages\/Stanovanje\/2024_04_23_Obrazac_Registar_stanova.docx\">https:\/\/mpgi.gov.hr\/UserDocsImages\/Stanovanje\/2024_04_23_Obrazac_Registar_stanova.docx<\/a><br><br><strong><span style=\"text-decoration: underline;\">Rok za podno\u0161enje prijave isti\u010de 15. srpnja 2024.!<\/span><\/strong><\/p>\n\n\n\n<p>Uz popunjeni obrazac stranke su obavezne dostaviti i svu ostalu dokumentaciju s kojom raspola\u017eu a osobito:<br>&#8211; ugovor o najmu stana ili sudsku presudu koja takav ugovor zamjenjuje<\/p>\n\n\n\n<p>&#8211; dokaz vlasni\u0161tva nad stanom (izvadak iz zemlji\u0161nih knjiga, kupoprodajni ugovor, rje\u0161enje o naslje\u0111ivanju, i dr.). <\/p>\n\n\n\n<p>Dokumentaciju je po potrebi mogu\u0107e dostaviti i naknadno, ali je bitno da se prijava podnese u zadanom roku.<\/p>\n\n\n\n<h4 class=\"wp-block-heading\"><strong>\u0160to ako propustite rok za prijavu?<\/strong><\/h4>\n\n\n\n<p>\u010cak i ako propustite rok, a stan je naveden u popisu stanova po jedinicama lokalne samouprave i\/ili u bazi podataka APN-a, nadle\u017eni upravni odjel jedinice lokalne samouprave \u0107e, na zahtjev Ministarstva, bez odgode provjeriti \u010dinjenice vezane uz status stana na licu mjesta i o utvr\u0111enim \u010dinjenicama obavijestiti slu\u017ebenu osobu. U tom slu\u010daju, ako se utvrdi da je u stanu uistinu za\u0161ti\u0107eni najmoprimac, a nekretnina je u privatnom vlasni\u0161tvu, slu\u017ebena osoba \u0107e bez odgode upozoriti obje stranke te im odrediti dopunski rok za podno\u0161enje prijave najkasnije do <strong>31. kolovoza 2024<\/strong>.<\/p>\n\n\n\n<p>Ako vlasnik stana i za\u0161ti\u0107eni najmoprimac propuste prijaviti stan u Registar unutar dodatnog roka, tada se za\u0161ti\u0107eni najam s posebnim uvjetima pretvara u standardni najam na neodre\u0111eno vrijeme. U takvom slu\u010daju, najmoprimac mora pla\u0107ati prosje\u010dnu najamninu koju bi platio da je sklopio uobi\u010dajeni ugovor s vlasnikom stana. Tako\u0111er, vlasnik stana gubi pravo na solidarnu naknadu ako mu je ta naknada bila odobrena.<br><\/p>\n\n\n\n<h4 class=\"wp-block-heading\"><strong>Koje mogu\u0107nosti rje\u0161avanja previ\u0111a zakon? \u0160to \u0107u dobiti ako se prijavim?<\/strong><\/h4>\n\n\n\n<p>Zakon previ\u0111a sljede\u0107e programske mjere: <\/p>\n\n\n\n<p>1. nagodba izme\u0111u stranaka<\/p>\n\n\n\n<p>2. isplata iznosa koji prema zakonu pripada za\u0161ti\u0107enom najmoprimcu, ova mjera zna\u010di iseljenje iz stana i njegova predaja u posjed vlasniku.<\/p>\n\n\n\n<p>3. useljenje za\u0161ti\u0107enog najmoprimca u stan u vlasni\u0161tvu Republike Hrvatske za koji pla\u0107aju minimalnu najamninu, uz pravo otkupa tog stana po cijeni koja se odre\u0111uje prema posebnoj formuli.<\/p>\n\n\n\n<p>4. zamjene stanova izme\u0111u vlasnika i Republike Hrvatske u kojem slu\u010daju za\u0161ti\u0107eni najmoprimac ostaje \u017eivjeti u stanu u kojem je smje\u0161ten, a dosada\u0161nji vlasnik dobiva drugu nekretninu u vlasni\u0161tvu Republike Hrvatske.<\/p>\n\n\n\n<p>5. otkup stan od vlasnika i ostanak za\u0161ti\u0107enog najmoprimaca u stanu, koja se odre\u0111uje prema posebnoj formuli.<\/p>\n\n\n\n<p>\u010cetvrta i peta programska mjera smatraju se alternativnim mjerama, a koja \u0107e se me\u0111u njima odabrati, ovisi isklju\u010divo o volji vlasnika stana, sve pod uvjetom da se vlasnik stana za njih prethodno opredijeli. (\u010ditaj: za\u0161ti\u0107eni najmoprimac ne mo\u017ee tra\u017eitit od vlasnika da proda ili zamjeni svoj stan).<br>Ako se stranke opredijele za neku od ovih programskih mjera, obvezne su radi provedbe odr\u017eati sastanak sa Ministarstvom do 15.09.2025.<br><br>Na za\u0161ti\u0107enog podstanara mogu se primijeniti isklju\u010divo druga ili tre\u0107a programska mjera, osim ako vlasnik stana i za\u0161ti\u0107eni podstanar suglasno ne zatra\u017ee sklapanje nagodbe pred slu\u017ebenom osobom u kojoj \u0107e sporazumno odrediti drugi na\u010din izvr\u0161enja.<\/p>\n\n\n\n<h4 class=\"wp-block-heading\"><strong>Subvencija najamnine prije provedbe mjera<\/strong><\/h4>\n\n\n\n<p>Ako je stan upisan u Registar, od 01. sije\u010dnja 2025. po\u010dinje provedba Programa mjera odnosno prestaju svi pravni odnosi za\u0161ti\u0107enog najma, a zapo\u010dinje novi pravni odnos prijelaznog za\u0161ti\u0107enog najma u kojem je privremeni za\u0161ti\u0107eni najmoprimac du\u017ean vlasniku pla\u0107ati 50 % iznosa prosje\u010dne najamnine, a Republika Hrvatska preostalih 50 %. !<\/p>\n\n\n\n<h5 class=\"wp-block-heading\"><strong>Kako izra\u010dunati iznos najamnine koji mo\u017eete o\u010dekivati?<\/strong><br><\/h5>\n\n\n\n<p>Iznos prosje\u010dne mjese\u010dne najamnine utvr\u0111uje se mno\u017eenjem po\u010detne visine najamnine (Pn) s koeficijentom polo\u017eaja stana u zgradi (Kp) i koeficijentom geografske lokacije (Kg).<\/p>\n\n\n\n<p>Po\u010detna visina prosje\u010dne najamnine propisuje se Programom mjera, a iznosi najmanje 7,50 eura po \u010detvornome metru povr\u0161ine stana te se svake godine uskla\u0111uje sa stopom inflacije koju objavljuje Dr\u017eavni zavod za statistiku. Odluku o uskla\u0111enju donosi nadle\u017eni ministar do kraja teku\u0107e godine za sljede\u0107u godinu.<\/p>\n\n\n\n<p>(4) Koeficijent polo\u017eaja u zgradi (Kp) iznosi:<\/p>\n\n\n\n<p>\u2013 1 za tipske i eta\u017ene stanove<\/p>\n\n\n\n<p>\u2013 0,80 za podrumske stanove<\/p>\n\n\n\n<p>\u2013 0,90 za suterenske i tavanske stanove.<\/p>\n\n\n\n<p>Koeficijent geografske lokacije (Kg) iznosi:<\/p>\n\n\n\n<p>\u2013 1,25 za stanove koji se nalaze u Gradu Zagrebu, Zagreba\u010dkoj \u017eupaniji i jedinicama lokalne samouprave podru\u010dja kojih grani\u010de s obalom Jadranskog mora \u2013 1,00 za stanove koji se nalaze u ostalim jedinicama lokalne samouprave.<br><br>Rje\u0161enje o prosje\u010dnoj najamnini Rje\u0161enjem donosi Ministarstvo a otprema se strankama do 15.02.2025.<br>Sve uplate upla\u0107uju se na ra\u010dun vlasnika stana, iznimno, ako za\u0161ti\u0107eni najmoprimac nije u mogu\u0107nosti pla\u0107ati iznos odre\u0111ene najamnine odnosno taj iznos prelazi 25% njegovih ukupnih mjese\u010dnih primanja, taj iznos pokriti \u0107e Republika Hrvatska. U tom slu\u010daju za\u0161ti\u0107eni najmoprimac pla\u0107a 25% a republika Hrvatska 75%.<br><br>Najamnine \u0107e se pla\u0107ati za period od 01.01 do 31.03.2025. godine.<br><br>U slu\u010daju ako za\u0161ti\u0107eni najmoprimac kasni s pla\u0107anjem tri mjeseca uzastopno, za\u0161ti\u0107eni najam prestaje po sili zakona! U tom slu\u010daju najmoprimac je obvezan osloboditi stan i predati ga vlasniku u roku od 30 dana od pravomo\u0107nosti rje\u0161enja!<br><br>Za stan od 50m2 u Zagrebu, koji se nalazi na prvome katu to bi iznosilo: <br><br>50 (Povr\u0161ina stana) x 7,50 eur (Pn) x 1,00 (Kp) x 1,25 (Kg) = 468,75 EUR.<br><br>Tako bi ukupni iznos za period od 3 mjeseca iznosio 1,406.25 EUR. <br><\/p>\n\n\n\n<h4 class=\"wp-block-heading\"><strong>\u0160to ako se neka od stranaka ne odlu\u010di za programsku mjeru?<\/strong><\/h4>\n\n\n\n<p>Ako za\u0161ti\u0107eni najmoprimac dostavi izjavu, a vlasnik stana propusti i dopunski rok za dostavu izjave, smatra se da se odlu\u010dio za mogu\u0107nost da mu se stan <span style=\"text-decoration: underline;\">oslobodi od osoba i stvari i preda u posjed<\/span>.<br><br>Ako vlasnik stana dostavi izjavu, a za\u0161ti\u0107eni najmoprimac propusti i dopunski rok za dostavu izjave, smatra se da se opredijelio za <span style=\"text-decoration: underline;\">drugu programsku mjeru<\/span> (isplata i iseljenje iz stana). U tom je slu\u010daju u tijeku postupka mogu\u0107e da se za\u0161ti\u0107eni najmoprimac naknadno izjasni za tre\u0107u programsku mjeru<\/p>\n\n\n\n<h4 class=\"wp-block-heading\"><strong>\u0160to ako stranke odustanu od provedbe mjera?<\/strong><\/h4>\n\n\n\n<p>Ako vlasnik stana ili za\u0161ti\u0107eni najmoprimac u tijeku provedbe Programa mjera pisanom obavijesti ili konkludentnim \u010dinom odustane od odabrane programske mjere ili provedba odabrane programske mjere ne uspije zbog bilo kojeg razloga uzrokovanog pona\u0161anjem jedne ili obiju stranaka, na stranke se primjenjuje tre\u0107a programska mjera u skladu s odredbama ovoga Zakona.<br>Iznimno od stavaka 1. i 2. ovoga \u010dlanka, na predmet se primjenjuje druga programska mjera ako to izrijekom zatra\u017ei za\u0161ti\u0107eni najmoprimac.<\/p>\n\n\n\n<h4 class=\"wp-block-heading\"><strong>\u0160to ako se stranke opredijele za razli\u010dite programske mjere?<\/strong><\/h4>\n\n\n\n<p>U slu\u010daju kada se stranka opredijele za razli\u010dite programske mjere, Ministarstvo \u0107e prvo obavijestiti obje stranke, a zatim poku\u0161ati dogovoriti sastanak izme\u0111u stranaka radi poku\u0161aja nagodbe.<br>U slu\u010daju da su odnosi izme\u0111u stranaka trajno naru\u0161eni taj sastanak mo\u017ee se odr\u017eati i odvojeno, a rok za odr\u017eavanje sastanaka je do 31. prosinca 2025.<br><br>Ako stranke niti na sastanku ne postignu sporazum, Ministarstvo donosi Rje\u0161enje kojim \u0107e se na stranke primijeniti tre\u0107a programska mjera \u2013 useljenje najmoprimca u stan u vlasni\u0161tvu Republike Hrvatske.<\/p>\n\n\n\n<h3 class=\"wp-block-heading\"><strong>Pravo na naknadu za &#8220;izgubljenje&#8221; godine<\/strong> &#8211; solidarna naknada<\/h3>\n\n\n\n<p>Vlasniku stana priznaje se pravno na naknadu za godine koje mu je bilo onemogu\u0107eno kori\u0161tenje stana.<br>To se odnosi na stanove kojima je u biv\u0161oj SFRJ pravo vlasni\u0161tva bilo ograni\u010deno stanarskim pravom, imovina bila oduzeta i na stanove kojima je Zakonom o najmu stanova (96) bilo ograni\u010deno pravo vlasni\u0161tva.<br><br>Republika Hrvatska ispla\u0107uje solidarnu naknadu u pau\u0161alnom i neoporezivom iznosu od 1 eurocenta po \u010detvornome metru povr\u0161ine stana dnevno od 5. studenoga 1996. do 1. sije\u010dnja 2025.<br><br>To bi zna\u010dilo da za stan od 50 kvadrata na kojem je stanarsko pravo postojalo od 5. studenog 1996. (ili prije) vlasniku pripada: 0,01 EUR x 50 (kvadratura stana) x 10,315 (broj dana od 5. studenog 1996 do 1. sije\u010dnja 2025.) = <strong><span style=\"text-decoration: underline;\">5.157,00 EUR.<\/span><\/strong><br><br>Zahtjev za isplatu solidarne naknade podnosi se nadle\u017enom ministarstvu do 15. travnja 2025.<\/p>\n\n\n\n<p>Postupak za isplatu naknade se vodi pred ministarstvom u upravnom postupku, a mora biti proveden najkasnije do 01.09.2026.<\/p>\n\n\n\n<p><strong><span style=\"text-decoration: underline;\">Imate jo\u0161 pitanja vezana za za\u0161ti\u0107ene najmoprimce i ostvarivanje svojih prava?<br>Slobodno nam se obratite!<\/span><\/strong><\/p>\n","protected":false},"excerpt":{"rendered":"<p>Kako se &#8220;rije\u0161iti&#8221; za\u0161ti\u0107enih najmoprimaca? Pitanje za\u0161ti\u0107enih najmoprimaca godinama se nije rje\u0161avalo te su vlasnici nekretnina uvijek ostali o\u0161te\u0107eni. Naknade za najamninu su bile mizerne te su vi\u0161estruko odstupale od tr\u017ei\u0161ne cijene. Kona\u010dno, nakon presude europskog suda Statileo protiv Hrvatske, &#8230; <\/p>\n<p class=\"read-more-container\"><a title=\"Kako se &#8220;rije\u0161iti&#8221; za\u0161ti\u0107enih najmoprimaca?\" class=\"read-more button\" href=\"https:\/\/marcetic.hr\/index.php\/2024\/06\/21\/kako-se-rijesiti-zasticenih-najmoprimaca\/#more-63\" aria-label=\"Read more about Kako se &#8220;rije\u0161iti&#8221; za\u0161ti\u0107enih najmoprimaca?\">Read More<\/a><\/p>\n","protected":false},"author":1,"featured_media":2117,"comment_status":"closed","ping_status":"open","sticky":false,"template":"","format":"standard","meta":{"om_disable_all_campaigns":false,"_monsterinsights_skip_tracking":false,"_monsterinsights_sitenote_active":false,"_monsterinsights_sitenote_note":"","_monsterinsights_sitenote_category":0,"_uf_show_specific_survey":0,"_uf_disable_surveys":false,"footnotes":""},"categories":[6],"tags":[],"class_list":["post-63","post","type-post","status-publish","format-standard","has-post-thumbnail","hentry","category-obvezno-pravo"],"aioseo_notices":[],"_links":{"self":[{"href":"https:\/\/marcetic.hr\/index.php\/wp-json\/wp\/v2\/posts\/63","targetHints":{"allow":["GET"]}}],"collection":[{"href":"https:\/\/marcetic.hr\/index.php\/wp-json\/wp\/v2\/posts"}],"about":[{"href":"https:\/\/marcetic.hr\/index.php\/wp-json\/wp\/v2\/types\/post"}],"author":[{"embeddable":true,"href":"https:\/\/marcetic.hr\/index.php\/wp-json\/wp\/v2\/users\/1"}],"replies":[{"embeddable":true,"href":"https:\/\/marcetic.hr\/index.php\/wp-json\/wp\/v2\/comments?post=63"}],"version-history":[{"count":4,"href":"https:\/\/marcetic.hr\/index.php\/wp-json\/wp\/v2\/posts\/63\/revisions"}],"predecessor-version":[{"id":2483,"href":"https:\/\/marcetic.hr\/index.php\/wp-json\/wp\/v2\/posts\/63\/revisions\/2483"}],"wp:featuredmedia":[{"embeddable":true,"href":"https:\/\/marcetic.hr\/index.php\/wp-json\/wp\/v2\/media\/2117"}],"wp:attachment":[{"href":"https:\/\/marcetic.hr\/index.php\/wp-json\/wp\/v2\/media?parent=63"}],"wp:term":[{"taxonomy":"category","embeddable":true,"href":"https:\/\/marcetic.hr\/index.php\/wp-json\/wp\/v2\/categories?post=63"},{"taxonomy":"post_tag","embeddable":true,"href":"https:\/\/marcetic.hr\/index.php\/wp-json\/wp\/v2\/tags?post=63"}],"curies":[{"name":"wp","href":"https:\/\/api.w.org\/{rel}","templated":true}]}}